{"id":12293,"date":"2021-04-13T16:00:09","date_gmt":"2021-04-13T19:00:09","guid":{"rendered":"http:\/\/adesampa.com.br\/vaitec6\/?p=12293"},"modified":"2021-04-13T16:00:44","modified_gmt":"2021-04-13T19:00:44","slug":"metareciclagem","status":"publish","type":"post","link":"http:\/\/adesampa.com.br\/vaitec6\/metareciclagem\/","title":{"rendered":"Metareciclagem"},"content":{"rendered":"\t\t<div data-elementor-type=\"wp-post\" data-elementor-id=\"12293\" class=\"elementor elementor-12293\">\n\t\t\t\t\t\t<section class=\"elementor-section elementor-top-section elementor-element elementor-element-455652c elementor-section-stretched elementor-section-boxed elementor-section-height-default elementor-section-height-default\" data-id=\"455652c\" data-element_type=\"section\" data-settings=\"{&quot;stretch_section&quot;:&quot;section-stretched&quot;}\">\n\t\t\t\t\t\t<div class=\"elementor-container elementor-column-gap-default\">\n\t\t\t\t\t<div class=\"elementor-column elementor-col-100 elementor-top-column elementor-element elementor-element-9549cb5\" data-id=\"9549cb5\" data-element_type=\"column\">\n\t\t\t<div class=\"elementor-widget-wrap elementor-element-populated\">\n\t\t\t\t\t\t<div class=\"elementor-element elementor-element-d1c7ce8 elementor-widget elementor-widget-image\" data-id=\"d1c7ce8\" data-element_type=\"widget\" data-widget_type=\"image.default\">\n\t\t\t\t<div class=\"elementor-widget-container\">\n\t\t\t\t\t\t\t\t\t\t\t\t\t<img fetchpriority=\"high\" decoding=\"async\" width=\"1366\" height=\"560\" src=\"http:\/\/adesampa.com.br\/vaitec6\/wp-content\/uploads\/2021\/04\/historias-site-metareciclagem.png\" class=\"attachment-full size-full wp-image-12213\" alt=\"\" srcset=\"http:\/\/adesampa.com.br\/vaitec6\/wp-content\/uploads\/2021\/04\/historias-site-metareciclagem.png 1366w, http:\/\/adesampa.com.br\/vaitec6\/wp-content\/uploads\/2021\/04\/historias-site-metareciclagem-300x123.png 300w, http:\/\/adesampa.com.br\/vaitec6\/wp-content\/uploads\/2021\/04\/historias-site-metareciclagem-1024x420.png 1024w, http:\/\/adesampa.com.br\/vaitec6\/wp-content\/uploads\/2021\/04\/historias-site-metareciclagem-768x315.png 768w\" sizes=\"(max-width: 1366px) 100vw, 1366px\" \/>\t\t\t\t\t\t\t\t\t\t\t\t\t<\/div>\n\t\t\t\t<\/div>\n\t\t\t\t\t<\/div>\n\t\t<\/div>\n\t\t\t\t\t<\/div>\n\t\t<\/section>\n\t\t\t\t<section class=\"elementor-section elementor-top-section elementor-element elementor-element-0fa602b elementor-section-boxed elementor-section-height-default elementor-section-height-default\" data-id=\"0fa602b\" data-element_type=\"section\">\n\t\t\t\t\t\t<div class=\"elementor-container elementor-column-gap-default\">\n\t\t\t\t\t<div class=\"elementor-column elementor-col-100 elementor-top-column elementor-element elementor-element-7ac72d0\" data-id=\"7ac72d0\" data-element_type=\"column\">\n\t\t\t<div class=\"elementor-widget-wrap elementor-element-populated\">\n\t\t\t\t\t\t<div class=\"elementor-element elementor-element-d0143f4 elementor-widget elementor-widget-text-editor\" data-id=\"d0143f4\" data-element_type=\"widget\" data-widget_type=\"text-editor.default\">\n\t\t\t\t<div class=\"elementor-widget-container\">\n\t\t\t\t\t\t\t<p dir=\"ltr\">Num mundo t\u00e3o digital, existe cada vez mais a preocupa\u00e7\u00e3o com o descarte do e-lixo, ou seja, eletroeletr\u00f4nicos que viram lixo. Karina e Jos\u00e9 Sales, aliaram seus conhecimentos em tecnologia e educa\u00e7\u00e3o e assim surgiu a Metareciclagem. Reciclando tecnologias, n\u00e3o metais e pl\u00e1sticos, com descarte e destina\u00e7\u00e3o correta destes materiais. A empresa trabalha a log\u00edstica reversa e a cultura maker para metareciclar, fomentando a economia circular e a apropria\u00e7\u00e3o tecnol\u00f3gica.<\/p><p dir=\"ltr\">\u00a0<\/p><p dir=\"ltr\">Por indica\u00e7\u00e3o, se inscreveram no VAI TEC 5 e foram contemplados. &#8220;Est\u00e1 sendo incr\u00edvel o crescimento do projeto e a nossa vis\u00e3o de mercado. Agora entendemos por que se chama &#8216;acelera\u00e7\u00e3o&#8217;. Saltamos de quilos para toneladas coletadas e metarecicladas. Inauguramos uma esta\u00e7\u00e3o de metareciclagem na Brasil\u00e2ndia, dobramos a equipe e estamos criando parcerias e pontos de coleta na grande S\u00e3o Paulo, Baixada Santista e at\u00e9 outros estados.&#8221;, diz Karina.<\/p><p dir=\"ltr\">\u00a0<\/p><p dir=\"ltr\">A acelera\u00e7\u00e3o os deixou mais seguros e preparados para continuar empreendendo e inovando. Durante a pandemia foi momento de reestruturar e adaptar o neg\u00f3cio, preparando a expans\u00e3o. E os pr\u00f3ximos passos j\u00e1 est\u00e3o definidos: aumentar o volume de processamento de forma cont\u00ednua e sustent\u00e1vel e criar parcerias e pontos de coleta por todo o territ\u00f3rio nacional e at\u00e9 internacionalmente.<\/p><p dir=\"ltr\">\u00a0<\/p><p dir=\"ltr\">Karina d\u00e1 a letra para quem pensa em se inscrever no VAI TEC: &#8220;Se voc\u00ea tem uma ideia que resolve um problema e ainda pode ser transformada em um bom neg\u00f3cio para toda a comunidade, acredite, organize-se, reorganize-se e, principalmente, mantenha a dedica\u00e7\u00e3o e trabalho cont\u00ednuo. Sua ideia ir\u00e1 virar realidade e pode melhorar a sua vida e a de muitas pessoas da comunidade.&#8221;<br \/><br \/><\/p><p dir=\"ltr\">Conhe\u00e7a mais sobre a Metareciclagem:<\/p><p dir=\"ltr\">Site: <a href=\"http:\/\/www.metareciclagem.com.br\/\" target=\"_blank\" rel=\"noopener\" data-saferedirecturl=\"https:\/\/www.google.com\/url?q=http:\/\/www.metareciclagem.com.br&amp;source=gmail&amp;ust=1618419531996000&amp;usg=AFQjCNEjqfjUvkkWfrSqYh_qUS8NrCZswg\">www.metareciclagem.com.br<\/a><\/p><p dir=\"ltr\">Facebook: <a href=\"http:\/\/facebook.com\/metareciclagem\" target=\"_blank\" rel=\"noopener\" data-saferedirecturl=\"https:\/\/www.google.com\/url?q=http:\/\/facebook.com\/metareciclagem&amp;source=gmail&amp;ust=1618419531996000&amp;usg=AFQjCNG0Sf9LH4-NSUcXFXJDWVTBI2SSMg\">facebook.com\/metareciclagem<\/a><\/p><p dir=\"ltr\">Instagram: @metareciclagem10<\/p><p dir=\"ltr\">LinkedIn: <a href=\"http:\/\/br.linkedin.com\/company\/metareciclagem-reciclando-tecnologias\" target=\"_blank\" rel=\"noopener\" data-saferedirecturl=\"https:\/\/www.google.com\/url?q=http:\/\/br.linkedin.com\/company\/metareciclagem-reciclando-tecnologias&amp;source=gmail&amp;ust=1618419531996000&amp;usg=AFQjCNHsEtDuKQTB-hVOph8BHpfHfU6B9g\">br.linkedin.com\/company\/<wbr \/>metareciclagem-reciclando-<wbr \/>tecnologias<\/a><\/p><p dir=\"ltr\">Twitter: @metareciclagem1<\/p><p dir=\"ltr\">\u00a0<\/p><p dir=\"ltr\"><img decoding=\"async\" class=\"CToWUd\" src=\"https:\/\/mail.google.com\/mail\/e\/1f4bb\" alt=\"\ud83d\udcbb\" data-goomoji=\"1f4bb\" data-image-whitelisted=\"\" \/> As inscri\u00e7\u00f5es para a 6\u00aa edi\u00e7\u00e3o est\u00e3o abertas at\u00e9 22\/03! Acesse:<\/p><p dir=\"ltr\"><a href=\"http:\/\/www.adesampa.com.br\/vaitec6\" target=\"_blank\" rel=\"noopener\" data-saferedirecturl=\"https:\/\/www.google.com\/url?q=http:\/\/www.adesampa.com.br\/vaitec6&amp;source=gmail&amp;ust=1618419531996000&amp;usg=AFQjCNHdWOB_8JSXzslF8tKoAnUaOqjQTg\">www.adesampa.com.br\/vaitec6<\/a><\/p><p dir=\"ltr\"><span id=\"m_8666709636103148040gmail-docs-internal-guid-6c4b4f9b-7fff-434a-45f4-efbc7cad10ae\">O Programa de Acelerac\u0327a\u0303o Vai Tec e\u0301 uma iniciativa da @prefsp, por meio da @spsmdet, por interm\u00e9dio da @adesampa<\/span><\/p>\t\t\t\t\t\t<\/div>\n\t\t\t\t<\/div>\n\t\t\t\t\t<\/div>\n\t\t<\/div>\n\t\t\t\t\t<\/div>\n\t\t<\/section>\n\t\t\t\t<\/div>\n\t\t","protected":false},"excerpt":{"rendered":"<p>Num mundo t\u00e3o digital, existe cada vez mais a preocupa\u00e7\u00e3o&hellip;<\/p>\n<p> <a class=\"more-link\" href=\"http:\/\/adesampa.com.br\/vaitec6\/metareciclagem\/\">Read more<\/a><\/p>\n","protected":false},"author":1,"featured_media":12213,"comment_status":"closed","ping_status":"closed","sticky":false,"template":"elementor_header_footer","format":"standard","meta":{"footnotes":""},"categories":[30],"tags":[],"class_list":{"0":"post-12293","1":"post","2":"type-post","3":"status-publish","4":"format-standard","5":"has-post-thumbnail","7":"category-historias"},"_links":{"self":[{"href":"http:\/\/adesampa.com.br\/vaitec6\/wp-json\/wp\/v2\/posts\/12293"}],"collection":[{"href":"http:\/\/adesampa.com.br\/vaitec6\/wp-json\/wp\/v2\/posts"}],"about":[{"href":"http:\/\/adesampa.com.br\/vaitec6\/wp-json\/wp\/v2\/types\/post"}],"author":[{"embeddable":true,"href":"http:\/\/adesampa.com.br\/vaitec6\/wp-json\/wp\/v2\/users\/1"}],"replies":[{"embeddable":true,"href":"http:\/\/adesampa.com.br\/vaitec6\/wp-json\/wp\/v2\/comments?post=12293"}],"version-history":[{"count":4,"href":"http:\/\/adesampa.com.br\/vaitec6\/wp-json\/wp\/v2\/posts\/12293\/revisions"}],"predecessor-version":[{"id":12297,"href":"http:\/\/adesampa.com.br\/vaitec6\/wp-json\/wp\/v2\/posts\/12293\/revisions\/12297"}],"wp:featuredmedia":[{"embeddable":true,"href":"http:\/\/adesampa.com.br\/vaitec6\/wp-json\/wp\/v2\/media\/12213"}],"wp:attachment":[{"href":"http:\/\/adesampa.com.br\/vaitec6\/wp-json\/wp\/v2\/media?parent=12293"}],"wp:term":[{"taxonomy":"category","embeddable":true,"href":"http:\/\/adesampa.com.br\/vaitec6\/wp-json\/wp\/v2\/categories?post=12293"},{"taxonomy":"post_tag","embeddable":true,"href":"http:\/\/adesampa.com.br\/vaitec6\/wp-json\/wp\/v2\/tags?post=12293"}],"curies":[{"name":"wp","href":"https:\/\/api.w.org\/{rel}","templated":true}]}}