{"id":12247,"date":"2021-04-13T14:53:50","date_gmt":"2021-04-13T17:53:50","guid":{"rendered":"http:\/\/adesampa.com.br\/vaitec6\/?p=12247"},"modified":"2021-04-13T14:54:39","modified_gmt":"2021-04-13T17:54:39","slug":"instituto-graos","status":"publish","type":"post","link":"http:\/\/adesampa.com.br\/vaitec6\/instituto-graos\/","title":{"rendered":"Instituto Gr\u00e3os"},"content":{"rendered":"\t\t<div data-elementor-type=\"wp-post\" data-elementor-id=\"12247\" class=\"elementor elementor-12247\">\n\t\t\t\t\t\t<section class=\"elementor-section elementor-top-section elementor-element elementor-element-455652c elementor-section-stretched elementor-section-boxed elementor-section-height-default elementor-section-height-default\" data-id=\"455652c\" data-element_type=\"section\" data-settings=\"{&quot;stretch_section&quot;:&quot;section-stretched&quot;}\">\n\t\t\t\t\t\t<div class=\"elementor-container elementor-column-gap-default\">\n\t\t\t\t\t<div class=\"elementor-column elementor-col-100 elementor-top-column elementor-element elementor-element-9549cb5\" data-id=\"9549cb5\" data-element_type=\"column\">\n\t\t\t<div class=\"elementor-widget-wrap elementor-element-populated\">\n\t\t\t\t\t\t<div class=\"elementor-element elementor-element-d1c7ce8 elementor-widget elementor-widget-image\" data-id=\"d1c7ce8\" data-element_type=\"widget\" data-widget_type=\"image.default\">\n\t\t\t\t<div class=\"elementor-widget-container\">\n\t\t\t\t\t\t\t\t\t\t\t\t\t<img fetchpriority=\"high\" decoding=\"async\" width=\"1366\" height=\"560\" src=\"http:\/\/adesampa.com.br\/vaitec6\/wp-content\/uploads\/2021\/04\/historias-site-instituo-graos.png\" class=\"attachment-full size-full wp-image-12215\" alt=\"\" srcset=\"http:\/\/adesampa.com.br\/vaitec6\/wp-content\/uploads\/2021\/04\/historias-site-instituo-graos.png 1366w, http:\/\/adesampa.com.br\/vaitec6\/wp-content\/uploads\/2021\/04\/historias-site-instituo-graos-300x123.png 300w, http:\/\/adesampa.com.br\/vaitec6\/wp-content\/uploads\/2021\/04\/historias-site-instituo-graos-1024x420.png 1024w, http:\/\/adesampa.com.br\/vaitec6\/wp-content\/uploads\/2021\/04\/historias-site-instituo-graos-768x315.png 768w\" sizes=\"(max-width: 1366px) 100vw, 1366px\" \/>\t\t\t\t\t\t\t\t\t\t\t\t\t<\/div>\n\t\t\t\t<\/div>\n\t\t\t\t\t<\/div>\n\t\t<\/div>\n\t\t\t\t\t<\/div>\n\t\t<\/section>\n\t\t\t\t<section class=\"elementor-section elementor-top-section elementor-element elementor-element-0fa602b elementor-section-boxed elementor-section-height-default elementor-section-height-default\" data-id=\"0fa602b\" data-element_type=\"section\">\n\t\t\t\t\t\t<div class=\"elementor-container elementor-column-gap-default\">\n\t\t\t\t\t<div class=\"elementor-column elementor-col-100 elementor-top-column elementor-element elementor-element-7ac72d0\" data-id=\"7ac72d0\" data-element_type=\"column\">\n\t\t\t<div class=\"elementor-widget-wrap elementor-element-populated\">\n\t\t\t\t\t\t<div class=\"elementor-element elementor-element-d0143f4 elementor-widget elementor-widget-text-editor\" data-id=\"d0143f4\" data-element_type=\"widget\" data-widget_type=\"text-editor.default\">\n\t\t\t\t<div class=\"elementor-widget-container\">\n\t\t\t\t\t\t\t<p dir=\"ltr\">Hoje iremos conhecer um pouco sobre a trajet\u00f3ria do Circulagem\/Instituto GR\u00c3OS, empresa acelerada na 5\u00aa edi\u00e7\u00e3o do VAI TEC! Conversamos com Daniela Pereira, fundadora da startup, confira:<\/p><p dir=\"ltr\"><br \/>Daniela fez faculdade de Engenharia Florestal e atuou nas \u00e1reas de restaura\u00e7\u00e3o, meio ambiente, viveiro de mudas em m\u00e9dias, grandes empresas, ONG e consultoria. Aos 27 teve seu primeiro neg\u00f3cio, junto \u00e0 irm\u00e3, um cursinho pr\u00e9-vestibular.<\/p><p dir=\"ltr\">\u00a0<\/p><p dir=\"ltr\">O &#8220;empreender&#8221; ficou em sua cabe\u00e7a. &#8220;Em 2015, tive meu primeiro contato pr\u00f3ximo a uma cooperativa de catadores de materiais reciclados e a a\u00e7\u00e3o transformadora desses profissionais ficou na minha cabe\u00e7a. Por isso, tentei modelar algum neg\u00f3cio para que eu atuasse com eles.&#8221;, diz. Em 2019, fundou a startup de impacto socioambiental Instituto GR\u00c3OS, junto de sua amiga Fernanda; um marketplace que conecta os atores da cadeia de res\u00edduos s\u00f3lidos, principalmente cooperativas e ind\u00fastria de bens e consumo n\u00e3o dur\u00e1vel, que permita troca de investimentos e cr\u00e9ditos de log\u00edstica reversa.\u00a0<\/p><p dir=\"ltr\">\u00a0<\/p><p dir=\"ltr\">Em 2020, participou da acelera\u00e7\u00e3o Green Sampa e VAI TEC 5, al\u00e9m de outros programas de qualifica\u00e7\u00e3o do Sebrae. &#8220;Foi uma experi\u00eancia muito importante para a trajet\u00f3ria da empresa. Fomos direcionadas para organizar melhor nossas a\u00e7\u00f5es para garantir os resultados de valida\u00e7\u00e3o da solu\u00e7\u00e3o ao mercado e a sustentabilidade econ\u00f4mica da nossa empresa. Al\u00e9m disso, o investimento da ADE SAMPA colaborou 100% para tirar a nossa ideia do papel e colocar em pr\u00e1tica. Nosso neg\u00f3cio s\u00f3 come\u00e7ou a funcionar gra\u00e7as ao investimento da ADE SAMPA.&#8221; explica.<\/p><p dir=\"ltr\">\u00a0<\/p><p dir=\"ltr\">Como dica para quem quer se inscrever, ela fala: &#8220;Se inscreva e se dedique para aproveitar ao m\u00e1ximo as oficinas e mentorias, fa\u00e7a um bom planejamento financeiro, pois o valor investido \u00e9 muito interessante para quem est\u00e1 come\u00e7ando. Vale a pena entrar de cabe\u00e7a em uma acelera\u00e7\u00e3o como o VAI TEC&#8221;.<\/p><p dir=\"ltr\">\u00a0<\/p><p dir=\"ltr\">Conhe\u00e7a mais sobre a Startup:<\/p><p dir=\"ltr\"><a href=\"https:\/\/linktree.com.br\/new\/circulagem\" target=\"_blank\" rel=\"noopener\" data-saferedirecturl=\"https:\/\/www.google.com\/url?q=https:\/\/linktree.com.br\/new\/circulagem&amp;source=gmail&amp;ust=1618419531996000&amp;usg=AFQjCNERVH52Sc_bpGGLvRN_ygEdDRV-4g\">https:\/\/linktree.com.br\/new\/<wbr \/>circulagem<\/a><\/p><p dir=\"ltr\">Consultoria Instituto GR\u00c3OS:<\/p><p dir=\"ltr\"><a href=\"https:\/\/linktr.ee\/instituto.graos\" target=\"_blank\" rel=\"noopener\" data-saferedirecturl=\"https:\/\/www.google.com\/url?q=https:\/\/linktr.ee\/instituto.graos&amp;source=gmail&amp;ust=1618419531996000&amp;usg=AFQjCNGDu0fpByqsnXMTs4wcX-mrX3QP6g\">https:\/\/linktr.ee\/instituto.<wbr \/>graos<\/a><\/p><p dir=\"ltr\">\u00a0<\/p><p dir=\"ltr\"><img decoding=\"async\" class=\"CToWUd\" src=\"https:\/\/mail.google.com\/mail\/e\/1f4bb\" alt=\"\ud83d\udcbb\" data-goomoji=\"1f4bb\" data-image-whitelisted=\"\" \/> As inscri\u00e7\u00f5es para a sexta edi\u00e7\u00e3o est\u00e3o abertas at\u00e9 22\/03! Acesse:<\/p><p dir=\"ltr\"><a href=\"http:\/\/www.adesampa.com.br\/vaitec6\" target=\"_blank\" rel=\"noopener\" data-saferedirecturl=\"https:\/\/www.google.com\/url?q=http:\/\/www.adesampa.com.br\/vaitec6&amp;source=gmail&amp;ust=1618419531996000&amp;usg=AFQjCNHdWOB_8JSXzslF8tKoAnUaOqjQTg\">www.adesampa.com.br\/vaitec6<\/a><\/p><p dir=\"ltr\">\u00a0<\/p><p dir=\"ltr\">O Programa de Acelera\u00e7\u00e3o Vai Tec e\u0301 uma iniciativa da @prefsp, por meio da @spsmdet e interm\u00e9dio da @adesampa<\/p>\t\t\t\t\t\t<\/div>\n\t\t\t\t<\/div>\n\t\t\t\t\t<\/div>\n\t\t<\/div>\n\t\t\t\t\t<\/div>\n\t\t<\/section>\n\t\t\t\t<\/div>\n\t\t","protected":false},"excerpt":{"rendered":"<p>Hoje iremos conhecer um pouco sobre a trajet\u00f3ria do Circulagem\/Instituto&hellip;<\/p>\n<p> <a class=\"more-link\" href=\"http:\/\/adesampa.com.br\/vaitec6\/instituto-graos\/\">Read more<\/a><\/p>\n","protected":false},"author":1,"featured_media":12215,"comment_status":"closed","ping_status":"closed","sticky":false,"template":"elementor_header_footer","format":"standard","meta":{"footnotes":""},"categories":[30],"tags":[],"class_list":{"0":"post-12247","1":"post","2":"type-post","3":"status-publish","4":"format-standard","5":"has-post-thumbnail","7":"category-historias"},"_links":{"self":[{"href":"http:\/\/adesampa.com.br\/vaitec6\/wp-json\/wp\/v2\/posts\/12247"}],"collection":[{"href":"http:\/\/adesampa.com.br\/vaitec6\/wp-json\/wp\/v2\/posts"}],"about":[{"href":"http:\/\/adesampa.com.br\/vaitec6\/wp-json\/wp\/v2\/types\/post"}],"author":[{"embeddable":true,"href":"http:\/\/adesampa.com.br\/vaitec6\/wp-json\/wp\/v2\/users\/1"}],"replies":[{"embeddable":true,"href":"http:\/\/adesampa.com.br\/vaitec6\/wp-json\/wp\/v2\/comments?post=12247"}],"version-history":[{"count":4,"href":"http:\/\/adesampa.com.br\/vaitec6\/wp-json\/wp\/v2\/posts\/12247\/revisions"}],"predecessor-version":[{"id":12251,"href":"http:\/\/adesampa.com.br\/vaitec6\/wp-json\/wp\/v2\/posts\/12247\/revisions\/12251"}],"wp:featuredmedia":[{"embeddable":true,"href":"http:\/\/adesampa.com.br\/vaitec6\/wp-json\/wp\/v2\/media\/12215"}],"wp:attachment":[{"href":"http:\/\/adesampa.com.br\/vaitec6\/wp-json\/wp\/v2\/media?parent=12247"}],"wp:term":[{"taxonomy":"category","embeddable":true,"href":"http:\/\/adesampa.com.br\/vaitec6\/wp-json\/wp\/v2\/categories?post=12247"},{"taxonomy":"post_tag","embeddable":true,"href":"http:\/\/adesampa.com.br\/vaitec6\/wp-json\/wp\/v2\/tags?post=12247"}],"curies":[{"name":"wp","href":"https:\/\/api.w.org\/{rel}","templated":true}]}}