{"id":12239,"date":"2021-04-13T14:50:13","date_gmt":"2021-04-13T17:50:13","guid":{"rendered":"http:\/\/adesampa.com.br\/vaitec6\/?p=12239"},"modified":"2021-04-13T14:53:13","modified_gmt":"2021-04-13T17:53:13","slug":"free-soul-food-2","status":"publish","type":"post","link":"http:\/\/adesampa.com.br\/vaitec6\/free-soul-food-2\/","title":{"rendered":"Trivincit"},"content":{"rendered":"\t\t<div data-elementor-type=\"wp-post\" data-elementor-id=\"12239\" class=\"elementor elementor-12239\">\n\t\t\t\t\t\t<section class=\"elementor-section elementor-top-section elementor-element elementor-element-455652c elementor-section-stretched elementor-section-boxed elementor-section-height-default elementor-section-height-default\" data-id=\"455652c\" data-element_type=\"section\" data-settings=\"{&quot;stretch_section&quot;:&quot;section-stretched&quot;}\">\n\t\t\t\t\t\t<div class=\"elementor-container elementor-column-gap-default\">\n\t\t\t\t\t<div class=\"elementor-column elementor-col-100 elementor-top-column elementor-element elementor-element-9549cb5\" data-id=\"9549cb5\" data-element_type=\"column\">\n\t\t\t<div class=\"elementor-widget-wrap elementor-element-populated\">\n\t\t\t\t\t\t<div class=\"elementor-element elementor-element-d1c7ce8 elementor-widget elementor-widget-image\" data-id=\"d1c7ce8\" data-element_type=\"widget\" data-widget_type=\"image.default\">\n\t\t\t\t<div class=\"elementor-widget-container\">\n\t\t\t\t\t\t\t\t\t\t\t\t\t<img fetchpriority=\"high\" decoding=\"async\" width=\"1366\" height=\"560\" src=\"http:\/\/adesampa.com.br\/vaitec6\/wp-content\/uploads\/2021\/04\/historias-site-trivincit.png\" class=\"attachment-full size-full wp-image-12211\" alt=\"\" srcset=\"http:\/\/adesampa.com.br\/vaitec6\/wp-content\/uploads\/2021\/04\/historias-site-trivincit.png 1366w, http:\/\/adesampa.com.br\/vaitec6\/wp-content\/uploads\/2021\/04\/historias-site-trivincit-300x123.png 300w, http:\/\/adesampa.com.br\/vaitec6\/wp-content\/uploads\/2021\/04\/historias-site-trivincit-1024x420.png 1024w, http:\/\/adesampa.com.br\/vaitec6\/wp-content\/uploads\/2021\/04\/historias-site-trivincit-768x315.png 768w\" sizes=\"(max-width: 1366px) 100vw, 1366px\" \/>\t\t\t\t\t\t\t\t\t\t\t\t\t<\/div>\n\t\t\t\t<\/div>\n\t\t\t\t\t<\/div>\n\t\t<\/div>\n\t\t\t\t\t<\/div>\n\t\t<\/section>\n\t\t\t\t<section class=\"elementor-section elementor-top-section elementor-element elementor-element-0fa602b elementor-section-boxed elementor-section-height-default elementor-section-height-default\" data-id=\"0fa602b\" data-element_type=\"section\">\n\t\t\t\t\t\t<div class=\"elementor-container elementor-column-gap-default\">\n\t\t\t\t\t<div class=\"elementor-column elementor-col-100 elementor-top-column elementor-element elementor-element-7ac72d0\" data-id=\"7ac72d0\" data-element_type=\"column\">\n\t\t\t<div class=\"elementor-widget-wrap elementor-element-populated\">\n\t\t\t\t\t\t<div class=\"elementor-element elementor-element-d0143f4 elementor-widget elementor-widget-text-editor\" data-id=\"d0143f4\" data-element_type=\"widget\" data-widget_type=\"text-editor.default\">\n\t\t\t\t<div class=\"elementor-widget-container\">\n\t\t\t\t\t\t\t<p dir=\"ltr\">A TriVincit, Tecnologia em Sa\u00fade e Movimento \u00e9 um dos neg\u00f3cios acelerados na 5\u00aa edi\u00e7\u00e3o do VAI TEC! Conversamos com Lucas H\u00f6r\u00fcgel, um dos proponentes do projeto, para saber um pouco mais sobre a sua trajet\u00f3ria empreendedora e sobre a acelera\u00e7\u00e3o, confira!<\/p><p dir=\"ltr\">\u00a0<\/p><p dir=\"ltr\">Quatro colegas com ideias e vontades semelhantes identificaram uma oportunidade de mercado, viram a possibilidade de concretizar o neg\u00f3cio, e assim surgiu a TriVincit, com o objetivo de levar sa\u00fade preventiva \u00e0s pessoas, gerando uma melhor qualidade de vida.\u00a0<\/p><p dir=\"ltr\">\u00a0<\/p><p dir=\"ltr\">Em seu ideal empreendedor, H\u00f6r\u00fcgel diz que n\u00e3o acredita no modelo empreendedor tradicional em que n\u00e3o &#8220;existe preocupa\u00e7\u00e3o de construir uma filosofia interna em que acolha e demonstre para todo mundo que est\u00e1 junto, independente do cargo. Todos s\u00e3o pe\u00e7as fundamentais para manter o neg\u00f3cio em funcionamento.&#8221;, explica.<\/p><p dir=\"ltr\">\u00a0<\/p><p dir=\"ltr\">Um dos s\u00f3cios do neg\u00f3cio j\u00e1 trabalhou no Sebrae e, assim, conheceram o Programa VAI TEC. Eles inscreveram o projeto, que foi escolhido como um dos acelerados de 2020. &#8220;O VAI TEC foi a primeira valida\u00e7\u00e3o concreta do nosso neg\u00f3cio como forma de sabermos que estamos no caminho certo. Com certeza, a cada experi\u00eancia e a cada dia que passa, h\u00e1 um crescimento e amadurecimento tanto das ideias quanto das pessoas envolvidas.&#8221;, diz Lucas. Em meio \u00e0 pandemia de Covid-19, o programa ajudou ainda a repensar seu modelo de neg\u00f3cio. E, para o futuro, planejam fechar um contrato e entrar em uma outra aceleradora ou at\u00e9 mesmo angariar fundos para o projeto crescer ainda mais.<\/p><p dir=\"ltr\">\u00a0<\/p><p dir=\"ltr\">Lucas finaliza dando uma dica a quem pensa em se inscrever no Programa VAI TEC, &#8220;Vale muito a pena, principalmente se voc\u00ea est\u00e1 no in\u00edcio de um projeto ou est\u00e1 com dificuldade de se inserir no mercado.&#8221;<\/p><p dir=\"ltr\">\u00a0<\/p><p dir=\"ltr\">Conhe\u00e7a mais sobre a TriVincit:<\/p><p dir=\"ltr\">Facebook\/YouTube: TriVincit, Tecnologia em Sa\u00fade e Movimento<\/p><p dir=\"ltr\">Instagram: @trivincit<\/p><p dir=\"ltr\"><br \/>Na foto vemos da esquerda para a direita: Lucas Horugel, Rodrigo Hisgail e Leonardo Hip\u00f3lito.<\/p><p dir=\"ltr\">\u00a0<\/p><p dir=\"ltr\"><img decoding=\"async\" class=\"CToWUd\" src=\"https:\/\/mail.google.com\/mail\/e\/1f4bb\" alt=\"\ud83d\udcbb\" data-goomoji=\"1f4bb\" data-image-whitelisted=\"\" \/> As inscri\u00e7\u00f5es para a sexta edi\u00e7\u00e3o est\u00e3o abertas at\u00e9 22\/03! Acesse:<\/p><p dir=\"ltr\"><a href=\"http:\/\/www.adesampa.com.br\/vaitec6\" target=\"_blank\" rel=\"noopener\" data-saferedirecturl=\"https:\/\/www.google.com\/url?q=http:\/\/www.adesampa.com.br\/vaitec6&amp;source=gmail&amp;ust=1618419531995000&amp;usg=AFQjCNHv1lcYfjiEkO0gp8uNy2HRTMJJtA\">www.adesampa.com.br\/vaitec6<\/a><br \/><br \/><\/p><p dir=\"ltr\">O Programa de Acelerac\u0327a\u0303o Vai Tec e\u0301 uma iniciativa da @prefsp, por meio da @spsmdet, por interm\u00e9dio da @adesampa<\/p>\t\t\t\t\t\t<\/div>\n\t\t\t\t<\/div>\n\t\t\t\t\t<\/div>\n\t\t<\/div>\n\t\t\t\t\t<\/div>\n\t\t<\/section>\n\t\t\t\t<\/div>\n\t\t","protected":false},"excerpt":{"rendered":"<p>A TriVincit, Tecnologia em Sa\u00fade e Movimento \u00e9 um dos&hellip;<\/p>\n<p> <a class=\"more-link\" href=\"http:\/\/adesampa.com.br\/vaitec6\/free-soul-food-2\/\">Read more<\/a><\/p>\n","protected":false},"author":1,"featured_media":12211,"comment_status":"closed","ping_status":"closed","sticky":false,"template":"elementor_header_footer","format":"standard","meta":{"footnotes":""},"categories":[30],"tags":[],"class_list":{"0":"post-12239","1":"post","2":"type-post","3":"status-publish","4":"format-standard","5":"has-post-thumbnail","7":"category-historias"},"_links":{"self":[{"href":"http:\/\/adesampa.com.br\/vaitec6\/wp-json\/wp\/v2\/posts\/12239"}],"collection":[{"href":"http:\/\/adesampa.com.br\/vaitec6\/wp-json\/wp\/v2\/posts"}],"about":[{"href":"http:\/\/adesampa.com.br\/vaitec6\/wp-json\/wp\/v2\/types\/post"}],"author":[{"embeddable":true,"href":"http:\/\/adesampa.com.br\/vaitec6\/wp-json\/wp\/v2\/users\/1"}],"replies":[{"embeddable":true,"href":"http:\/\/adesampa.com.br\/vaitec6\/wp-json\/wp\/v2\/comments?post=12239"}],"version-history":[{"count":7,"href":"http:\/\/adesampa.com.br\/vaitec6\/wp-json\/wp\/v2\/posts\/12239\/revisions"}],"predecessor-version":[{"id":12246,"href":"http:\/\/adesampa.com.br\/vaitec6\/wp-json\/wp\/v2\/posts\/12239\/revisions\/12246"}],"wp:featuredmedia":[{"embeddable":true,"href":"http:\/\/adesampa.com.br\/vaitec6\/wp-json\/wp\/v2\/media\/12211"}],"wp:attachment":[{"href":"http:\/\/adesampa.com.br\/vaitec6\/wp-json\/wp\/v2\/media?parent=12239"}],"wp:term":[{"taxonomy":"category","embeddable":true,"href":"http:\/\/adesampa.com.br\/vaitec6\/wp-json\/wp\/v2\/categories?post=12239"},{"taxonomy":"post_tag","embeddable":true,"href":"http:\/\/adesampa.com.br\/vaitec6\/wp-json\/wp\/v2\/tags?post=12239"}],"curies":[{"name":"wp","href":"https:\/\/api.w.org\/{rel}","templated":true}]}}